{"id":420,"global_id":"theartcafelagny.com?id=420","global_id_lineage":["theartcafelagny.com?id=420"],"author":"4","status":"publish","date":"2024-02-24 13:01:35","date_utc":"2024-02-24 12:01:35","modified":"2026-02-27 19:46:17","modified_utc":"2026-02-27 18:46:17","url":"https:\/\/theartcafelagny.com\/?tribe_events=dublin-socks-saint-patick","rest_url":"https:\/\/theartcafelagny.com\/index.php?rest_route=\/tribe\/events\/v1\/events\/420","title":"Dublin Socks &#8211; Saint Patrick","description":"<p>&nbsp;<\/p>\n<p>Vous nous les avez r\u00e9clam\u00e9 pour la St Patrick !!<\/p>\n<p>Soir\u00e9e autour de la musique irlandaise. Ces deux l\u00e0 sont maintenant des habitu\u00e9s du TAC.<\/p>\n<p>Fl\u00fbte, guitare, banjo et chant viendront enflammer la soir\u00e9e !<\/p>\n<p>&nbsp;<\/p>\n<p>&nbsp;<\/p>\n<p>&nbsp;<\/p>","excerpt":"","slug":"dublin-socks-saint-patick","image":{"url":"https:\/\/theartcafelagny.com\/wp-content\/uploads\/2024\/02\/unnamed.png","id":421,"extension":"png","width":512,"height":512,"filesize":426550,"sizes":{"medium":{"width":300,"height":300,"mime-type":"image\/png","filesize":144266,"url":"https:\/\/theartcafelagny.com\/wp-content\/uploads\/2024\/02\/unnamed-300x300.png"},"thumbnail":{"width":150,"height":150,"mime-type":"image\/png","filesize":38520,"url":"https:\/\/theartcafelagny.com\/wp-content\/uploads\/2024\/02\/unnamed-150x150.png"}}},"all_day":false,"start_date":"2026-03-21 20:30:00","start_date_details":{"year":"2026","month":"03","day":"21","hour":"20","minutes":"30","seconds":"00"},"end_date":"2026-03-21 20:30:00","end_date_details":{"year":"2026","month":"03","day":"21","hour":"20","minutes":"30","seconds":"00"},"utc_start_date":"2026-03-21 19:30:00","utc_start_date_details":{"year":"2026","month":"03","day":"21","hour":"19","minutes":"30","seconds":"00"},"utc_end_date":"2026-03-21 19:30:00","utc_end_date_details":{"year":"2026","month":"03","day":"21","hour":"19","minutes":"30","seconds":"00"},"timezone":"Europe\/Paris","timezone_abbr":"CET","cost":"","cost_details":{"currency_symbol":"$","currency_code":"USD","currency_position":"prefix","values":[]},"website":"","show_map":false,"show_map_link":false,"hide_from_listings":false,"sticky":false,"featured":false,"categories":[],"tags":[],"venue":{"id":212,"author":"1","status":"publish","date":"2023-11-30 15:42:26","date_utc":"2023-11-30 14:42:26","modified":"2023-11-30 15:42:26","modified_utc":"2023-11-30 14:42:26","url":"https:\/\/theartcafelagny.com\/?tribe_venue=the-art-cafe","venue":"Th\u00e9 Art Caf\u00e9","slug":"the-art-cafe","address":"1 Place de la Fontaine","city":"Lagny-sur-Marne","country":"France","zip":"77400","json_ld":{"@type":"Place","name":"Th\u00e9 Art Caf\u00e9","description":"","url":"","address":{"@type":"PostalAddress","streetAddress":"1 Place de la Fontaine","addressLocality":"Lagny-sur-Marne","postalCode":"77400","addressCountry":"France"},"telephone":"","sameAs":""},"show_map":true,"show_map_link":true,"global_id":"theartcafelagny.com?id=212","global_id_lineage":["theartcafelagny.com?id=212"]},"organizer":[],"custom_fields":[],"json_ld":{"@context":"http:\/\/schema.org","@type":"Event","name":"Dublin Socks &#8211; Saint Patrick","description":"&lt;p&gt;&nbsp; Vous nous les avez r\u00e9clam\u00e9 pour la St Patrick !! Soir\u00e9e autour de la musique irlandaise. Ces deux l\u00e0 sont maintenant des habitu\u00e9s du TAC. Fl\u00fbte, guitare, banjo et [&hellip;]&lt;\/p&gt;\\n","image":"https:\/\/theartcafelagny.com\/wp-content\/uploads\/2024\/02\/unnamed.png","url":"https:\/\/theartcafelagny.com\/?tribe_events=dublin-socks-saint-patick","eventAttendanceMode":"https:\/\/schema.org\/OfflineEventAttendanceMode","eventStatus":"https:\/\/schema.org\/EventScheduled","startDate":"2026-03-21T20:30:00+01:00","endDate":"2026-03-21T20:30:00+01:00","location":{"@type":"Place","name":"Th\u00e9 Art Caf\u00e9","description":"","url":"","address":{"@type":"PostalAddress","streetAddress":"1 Place de la Fontaine","addressLocality":"Lagny-sur-Marne","postalCode":"77400","addressCountry":"France"},"telephone":"","sameAs":""},"performer":"Organization"}}