{"id":556,"global_id":"theartcafelagny.com?id=556","global_id_lineage":["theartcafelagny.com?id=556"],"author":"4","status":"publish","date":"2024-10-27 11:20:17","date_utc":"2024-10-27 10:20:17","modified":"2025-07-01 09:45:23","modified_utc":"2025-07-01 07:45:23","url":"https:\/\/theartcafelagny.com\/?tribe_events=la-plume-chanson-francaise","rest_url":"https:\/\/theartcafelagny.com\/index.php?rest_route=\/tribe\/events\/v1\/events\/556","title":"La Plume &#8211; Chanson fran\u00e7aise","description":"<p id=\"m_8530305948682367422docs-internal-guid-8efb817f-db37-7451-c614-717dc91fde39\" dir=\"ltr\">Haute comme trois plumes mais grande par sa prestance et son \u00e9nergie d\u00e9bordante, Priscilla Leclercq, dites La Plume s\u2019accompagne de son accord\u00e9on pour vous chanter les histoires et les vers qu\u2019elle a compos\u00e9es de sa plume l\u00e9g\u00e8re.<\/p>\n<p dir=\"ltr\">Tant\u00f4t dr\u00f4le et amusante, tant\u00f4t \u00e9mouvante, cette autrice compositrice vous emm\u00e8ne dans son univers musical plein de surprises o\u00f9 tout le monde y trouve son bonheur.<\/p>\n<p dir=\"ltr\">A travers son \u00e2me de clown, La Plume va faire rejaillir en vous votre \u00e2me d&rsquo;enfant.<\/p>\n<p>&nbsp;<\/p>","excerpt":"","slug":"la-plume-chanson-francaise","image":{"url":"https:\/\/theartcafelagny.com\/wp-content\/uploads\/2024\/10\/image1.png","id":557,"extension":"png","width":848,"height":1200,"filesize":1461850,"sizes":{"medium":{"width":212,"height":300,"mime-type":"image\/png","filesize":125626,"url":"https:\/\/theartcafelagny.com\/wp-content\/uploads\/2024\/10\/image1-212x300.png"},"large":{"width":724,"height":1024,"mime-type":"image\/png","filesize":1084264,"url":"https:\/\/theartcafelagny.com\/wp-content\/uploads\/2024\/10\/image1-724x1024.png"},"thumbnail":{"width":150,"height":150,"mime-type":"image\/png","filesize":46253,"url":"https:\/\/theartcafelagny.com\/wp-content\/uploads\/2024\/10\/image1-150x150.png"},"medium_large":{"width":768,"height":1087,"mime-type":"image\/png","filesize":1194544,"url":"https:\/\/theartcafelagny.com\/wp-content\/uploads\/2024\/10\/image1-768x1087.png"}}},"all_day":false,"start_date":"2025-07-12 20:30:00","start_date_details":{"year":"2025","month":"07","day":"12","hour":"20","minutes":"30","seconds":"00"},"end_date":"2025-07-12 23:30:00","end_date_details":{"year":"2025","month":"07","day":"12","hour":"23","minutes":"30","seconds":"00"},"utc_start_date":"2025-07-12 18:30:00","utc_start_date_details":{"year":"2025","month":"07","day":"12","hour":"18","minutes":"30","seconds":"00"},"utc_end_date":"2025-07-12 21:30:00","utc_end_date_details":{"year":"2025","month":"07","day":"12","hour":"21","minutes":"30","seconds":"00"},"timezone":"Europe\/Paris","timezone_abbr":"CEST","cost":"","cost_details":{"currency_symbol":"$","currency_code":"USD","currency_position":"prefix","values":[]},"website":"","show_map":false,"show_map_link":false,"hide_from_listings":false,"sticky":false,"featured":false,"categories":[],"tags":[],"venue":{"id":212,"author":"1","status":"publish","date":"2023-11-30 15:42:26","date_utc":"2023-11-30 14:42:26","modified":"2023-11-30 15:42:26","modified_utc":"2023-11-30 14:42:26","url":"https:\/\/theartcafelagny.com\/?tribe_venue=the-art-cafe","venue":"Th\u00e9 Art Caf\u00e9","slug":"the-art-cafe","address":"1 Place de la Fontaine","city":"Lagny-sur-Marne","country":"France","zip":"77400","json_ld":{"@type":"Place","name":"Th\u00e9 Art Caf\u00e9","description":"","url":"","address":{"@type":"PostalAddress","streetAddress":"1 Place de la Fontaine","addressLocality":"Lagny-sur-Marne","postalCode":"77400","addressCountry":"France"},"telephone":"","sameAs":""},"show_map":true,"show_map_link":true,"global_id":"theartcafelagny.com?id=212","global_id_lineage":["theartcafelagny.com?id=212"]},"organizer":[],"custom_fields":[],"json_ld":{"@context":"http:\/\/schema.org","@type":"Event","name":"La Plume &#8211; Chanson fran\u00e7aise","description":"&lt;p&gt;Haute comme trois plumes mais grande par sa prestance et son \u00e9nergie d\u00e9bordante, Priscilla Leclercq, dites La Plume s\u2019accompagne de son accord\u00e9on pour vous chanter les histoires et les vers [&hellip;]&lt;\/p&gt;\\n","image":"https:\/\/theartcafelagny.com\/wp-content\/uploads\/2024\/10\/image1.png","url":"https:\/\/theartcafelagny.com\/?tribe_events=la-plume-chanson-francaise","eventAttendanceMode":"https:\/\/schema.org\/OfflineEventAttendanceMode","eventStatus":"https:\/\/schema.org\/EventScheduled","startDate":"2025-07-12T20:30:00+02:00","endDate":"2025-07-12T23:30:00+02:00","location":{"@type":"Place","name":"Th\u00e9 Art Caf\u00e9","description":"","url":"","address":{"@type":"PostalAddress","streetAddress":"1 Place de la Fontaine","addressLocality":"Lagny-sur-Marne","postalCode":"77400","addressCountry":"France"},"telephone":"","sameAs":""},"performer":"Organization"}}