{"id":568,"global_id":"theartcafelagny.com?id=568","global_id_lineage":["theartcafelagny.com?id=568"],"author":"4","status":"publish","date":"2025-04-01 09:42:46","date_utc":"2025-04-01 07:42:46","modified":"2025-04-01 09:42:46","modified_utc":"2025-04-01 07:42:46","url":"https:\/\/theartcafelagny.com\/?tribe_events=gael-rouilhac-trio-jazz-manouche-2","rest_url":"https:\/\/theartcafelagny.com\/index.php?rest_route=\/tribe\/events\/v1\/events\/568","title":"Gael Rouilhac trio &#8211; Jazz Manouche","description":"<p>Ga\u00ebl Rouilhac est un musicien fran\u00e7ais, n\u00e9 en 1982. Guitariste \u00e9clectique aux diverses influences, son domaine de pr\u00e9dilection est le jazz et l&rsquo;improvisation. Compositeur, principalement pour son projet\u00a0\u00abWaterworks\u00a0\u00bb, il lui arrive aussi de travailler pour des commandes occasionnelles (t\u00e9l\u00e9films, radios..).<\/p>\n<p>&nbsp;<\/p>\n<p>&nbsp;<\/p>\n<div id=\"cc-m-13348268049\" class=\"j-module n j-text \">\n<p><em>\u00ab Tout coule de fa\u00e7on fluide et on se laisse emporter par les envol\u00e9es des trois complices, d\u2019une justesse et d\u2019une pr\u00e9cision impressionnantes. Une incontestable r\u00e9ussite\u00a0\u00bb.<br \/>\n<\/em><strong>F\u00e9lix Marciano\u00a0 &#8211; Jazz Magazine n\u00b0732<\/strong>\u00a0<em>\u00a0<img decoding=\"async\" src=\"https:\/\/www.laboriejazz.fr\/images\/logos\/recompenses\/jazzmagazine-4etoiles.jpg\" alt=\"jazzmagazine 4etoiles\" width=\"60\" height=\"16\" \/><\/em><\/p>\n<p><em>\u00ab\u00a0\u2026 La musique s\u2019\u00e9coule parfois doucement, parfois rapidement, dans un courant changeant mais toujours pr\u00e9sent, dans lequel on se laisse facilement emporter. Un album intelligent, fin, bienveillant, savoureux\u00a0\u00bb.<br \/>\n<\/em><strong>Alexandre Fournet &#8211; Jazz News n\u00b0 86<\/strong><\/p>\n<p><em>\u00ab\u00a0Un artiste qui confirme totalement l\u2019adage que la valeur n\u2019attend pas le nombre des ann\u00e9es pour s\u2019affirmer \u2026 Un premier coup d\u2019essai qui vaut coup de ma\u00eetre !\u00a0\u00bb.<\/em><br \/>\n<strong>Dominique BOULAY &#8211; Paris Move &#8211; Septembre 2020 \u00a0\u00a0<\/strong><img decoding=\"async\" src=\"https:\/\/www.paris-move.com\/wp-content\/themes\/parismove\/resources\/images\/very-good.png\" alt=\"parismove 4etoiles\" width=\"60\" height=\"18\" \/><strong>(Tr\u00e8s bon)<\/strong><\/p>\n<p><em>\u00ab\u00a0Cet album est le r\u00e9sultat d&rsquo;un mariage dansant entre tradition et modernit\u00e9 qui pr\u00e9sente la sensibilit\u00e9 et la l\u00e9g\u00e8ret\u00e9 de l&rsquo;univers de l&rsquo;artiste \u2026 Le travail du guitariste est sublim\u00e9 par la participation de\u00a0la violoniste\u00a0Caroline Bugala\u00a0et de l\u2019accord\u00e9oniste sicilien\u00a0Roberto Gervasi\u00a0\u00bb.<\/em><br \/>\n<strong>JAZZ RADIO &#8211; 1 octobre 2020<\/strong><\/p>\n<p><em>\u00ab\u00a0Waterworks, v\u00e9ritable patchwork original de styles et de rythmes, transmet sa bonne humeur subtile et profonde \u00e0 qui l\u2019\u00e9coute. Bien jou\u00e9 !\u00a0\u00bb.<\/em><br \/>\n<strong>Bob Hatteau &#8211; Jazz \u00e0 Babord &#8211; 4 novembre 2020<\/strong><\/p>\n<\/div>\n<div id=\"cc-m-12822446449\" class=\"j-module n j-spacing \">\n<div class=\"cc-m-spacer\"><\/div>\n<\/div>","excerpt":"","slug":"gael-rouilhac-trio-jazz-manouche-2","image":{"url":"https:\/\/theartcafelagny.com\/wp-content\/uploads\/2024\/12\/Capture-decran-2024-12-01-a-09.51.46.png","id":566,"extension":"png","width":798,"height":1200,"filesize":673771,"sizes":{"medium":{"width":200,"height":300,"mime-type":"image\/png","filesize":60188,"url":"https:\/\/theartcafelagny.com\/wp-content\/uploads\/2024\/12\/Capture-decran-2024-12-01-a-09.51.46-200x300.png"},"large":{"width":681,"height":1024,"mime-type":"image\/png","filesize":472522,"url":"https:\/\/theartcafelagny.com\/wp-content\/uploads\/2024\/12\/Capture-decran-2024-12-01-a-09.51.46-681x1024.png"},"thumbnail":{"width":150,"height":150,"mime-type":"image\/png","filesize":14386,"url":"https:\/\/theartcafelagny.com\/wp-content\/uploads\/2024\/12\/Capture-decran-2024-12-01-a-09.51.46-150x150.png"},"medium_large":{"width":768,"height":1155,"mime-type":"image\/png","filesize":576598,"url":"https:\/\/theartcafelagny.com\/wp-content\/uploads\/2024\/12\/Capture-decran-2024-12-01-a-09.51.46-768x1155.png"}}},"all_day":false,"start_date":"2025-04-26 20:30:00","start_date_details":{"year":"2025","month":"04","day":"26","hour":"20","minutes":"30","seconds":"00"},"end_date":"2025-04-26 23:30:00","end_date_details":{"year":"2025","month":"04","day":"26","hour":"23","minutes":"30","seconds":"00"},"utc_start_date":"2025-04-26 18:30:00","utc_start_date_details":{"year":"2025","month":"04","day":"26","hour":"18","minutes":"30","seconds":"00"},"utc_end_date":"2025-04-26 21:30:00","utc_end_date_details":{"year":"2025","month":"04","day":"26","hour":"21","minutes":"30","seconds":"00"},"timezone":"Europe\/Paris","timezone_abbr":"CEST","cost":"","cost_details":{"currency_symbol":"$","currency_code":"USD","currency_position":"prefix","values":[]},"website":"","show_map":false,"show_map_link":false,"hide_from_listings":false,"sticky":false,"featured":false,"categories":[],"tags":[],"venue":{"id":212,"author":"1","status":"publish","date":"2023-11-30 15:42:26","date_utc":"2023-11-30 14:42:26","modified":"2023-11-30 15:42:26","modified_utc":"2023-11-30 14:42:26","url":"https:\/\/theartcafelagny.com\/?tribe_venue=the-art-cafe","venue":"Th\u00e9 Art Caf\u00e9","slug":"the-art-cafe","address":"1 Place de la Fontaine","city":"Lagny-sur-Marne","country":"France","zip":"77400","json_ld":{"@type":"Place","name":"Th\u00e9 Art Caf\u00e9","description":"","url":"","address":{"@type":"PostalAddress","streetAddress":"1 Place de la Fontaine","addressLocality":"Lagny-sur-Marne","postalCode":"77400","addressCountry":"France"},"telephone":"","sameAs":""},"show_map":true,"show_map_link":true,"global_id":"theartcafelagny.com?id=212","global_id_lineage":["theartcafelagny.com?id=212"]},"organizer":[],"custom_fields":[],"json_ld":{"@context":"http:\/\/schema.org","@type":"Event","name":"Gael Rouilhac trio &#8211; Jazz Manouche","description":"&lt;p&gt;Ga\u00ebl Rouilhac est un musicien fran\u00e7ais, n\u00e9 en 1982. Guitariste \u00e9clectique aux diverses influences, son domaine de pr\u00e9dilection est le jazz et l\\'improvisation. Compositeur, principalement pour son projet\u00a0\u00abWaterworks&quot;, il lui [&hellip;]&lt;\/p&gt;\\n","image":"https:\/\/theartcafelagny.com\/wp-content\/uploads\/2024\/12\/Capture-decran-2024-12-01-a-09.51.46.png","url":"https:\/\/theartcafelagny.com\/?tribe_events=gael-rouilhac-trio-jazz-manouche-2","eventAttendanceMode":"https:\/\/schema.org\/OfflineEventAttendanceMode","eventStatus":"https:\/\/schema.org\/EventScheduled","startDate":"2025-04-26T20:30:00+02:00","endDate":"2025-04-26T23:30:00+02:00","location":{"@type":"Place","name":"Th\u00e9 Art Caf\u00e9","description":"","url":"","address":{"@type":"PostalAddress","streetAddress":"1 Place de la Fontaine","addressLocality":"Lagny-sur-Marne","postalCode":"77400","addressCountry":"France"},"telephone":"","sameAs":""},"performer":"Organization"}}