{"id":588,"global_id":"theartcafelagny.com?id=588","global_id_lineage":["theartcafelagny.com?id=588"],"author":"4","status":"publish","date":"2024-12-27 18:43:34","date_utc":"2024-12-27 17:43:34","modified":"2024-12-27 18:43:34","modified_utc":"2024-12-27 17:43:34","url":"https:\/\/theartcafelagny.com\/?tribe_events=amargo-trio-jazz-vocal-2","rest_url":"https:\/\/theartcafelagny.com\/index.php?rest_route=\/tribe\/events\/v1\/events\/588","title":"AMARGO TRIO &#8211; Jazz vocal","description":"<p>Une voix lyrico-jazz, amoureuse des plus beaux standards de Monk, Strayhorn, Elligton et tant d&rsquo;autres. Une guitare d\u00e9licate, une contrebasse endiabl\u00e9e et des morceaux r\u00e9\u00e9crits ou arrang\u00e9s : pour ne dire que ce que l&rsquo;on veut dire&#8230;<\/p>","excerpt":"","slug":"amargo-trio-jazz-vocal-2","image":{"url":"https:\/\/theartcafelagny.com\/wp-content\/uploads\/2024\/03\/photoconcerts2.jpg","id":449,"extension":"jpg","width":1200,"height":800,"filesize":144373,"sizes":{"medium":{"width":300,"height":200,"mime-type":"image\/jpeg","filesize":41904,"url":"https:\/\/theartcafelagny.com\/wp-content\/uploads\/2024\/03\/photoconcerts2-300x200.jpg"},"large":{"width":1024,"height":683,"mime-type":"image\/jpeg","filesize":115445,"url":"https:\/\/theartcafelagny.com\/wp-content\/uploads\/2024\/03\/photoconcerts2-1024x683.jpg"},"thumbnail":{"width":150,"height":150,"mime-type":"image\/jpeg","filesize":35150,"url":"https:\/\/theartcafelagny.com\/wp-content\/uploads\/2024\/03\/photoconcerts2-150x150.jpg"},"medium_large":{"width":768,"height":512,"mime-type":"image\/jpeg","filesize":84099,"url":"https:\/\/theartcafelagny.com\/wp-content\/uploads\/2024\/03\/photoconcerts2-768x512.jpg"}}},"all_day":false,"start_date":"2025-01-11 20:30:00","start_date_details":{"year":"2025","month":"01","day":"11","hour":"20","minutes":"30","seconds":"00"},"end_date":"2025-01-11 23:30:00","end_date_details":{"year":"2025","month":"01","day":"11","hour":"23","minutes":"30","seconds":"00"},"utc_start_date":"2025-01-11 19:30:00","utc_start_date_details":{"year":"2025","month":"01","day":"11","hour":"19","minutes":"30","seconds":"00"},"utc_end_date":"2025-01-11 22:30:00","utc_end_date_details":{"year":"2025","month":"01","day":"11","hour":"22","minutes":"30","seconds":"00"},"timezone":"Europe\/Paris","timezone_abbr":"CET","cost":"","cost_details":{"currency_symbol":"$","currency_code":"USD","currency_position":"prefix","values":[]},"website":"","show_map":false,"show_map_link":false,"hide_from_listings":false,"sticky":false,"featured":false,"categories":[],"tags":[],"venue":{"id":212,"author":"1","status":"publish","date":"2023-11-30 15:42:26","date_utc":"2023-11-30 14:42:26","modified":"2023-11-30 15:42:26","modified_utc":"2023-11-30 14:42:26","url":"https:\/\/theartcafelagny.com\/?tribe_venue=the-art-cafe","venue":"Th\u00e9 Art Caf\u00e9","slug":"the-art-cafe","address":"1 Place de la Fontaine","city":"Lagny-sur-Marne","country":"France","zip":"77400","json_ld":{"@type":"Place","name":"Th\u00e9 Art Caf\u00e9","description":"","url":"","address":{"@type":"PostalAddress","streetAddress":"1 Place de la Fontaine","addressLocality":"Lagny-sur-Marne","postalCode":"77400","addressCountry":"France"},"telephone":"","sameAs":""},"show_map":true,"show_map_link":true,"global_id":"theartcafelagny.com?id=212","global_id_lineage":["theartcafelagny.com?id=212"]},"organizer":[],"custom_fields":[],"json_ld":{"@context":"http:\/\/schema.org","@type":"Event","name":"AMARGO TRIO &#8211; Jazz vocal","description":"&lt;p&gt;Une voix lyrico-jazz, amoureuse des plus beaux standards de Monk, Strayhorn, Elligton et tant d\\'autres. Une guitare d\u00e9licate, une contrebasse endiabl\u00e9e et des morceaux r\u00e9\u00e9crits ou arrang\u00e9s : pour ne [&hellip;]&lt;\/p&gt;\\n","image":"https:\/\/theartcafelagny.com\/wp-content\/uploads\/2024\/03\/photoconcerts2.jpg","url":"https:\/\/theartcafelagny.com\/?tribe_events=amargo-trio-jazz-vocal-2","eventAttendanceMode":"https:\/\/schema.org\/OfflineEventAttendanceMode","eventStatus":"https:\/\/schema.org\/EventScheduled","startDate":"2025-01-11T20:30:00+01:00","endDate":"2025-01-11T23:30:00+01:00","location":{"@type":"Place","name":"Th\u00e9 Art Caf\u00e9","description":"","url":"","address":{"@type":"PostalAddress","streetAddress":"1 Place de la Fontaine","addressLocality":"Lagny-sur-Marne","postalCode":"77400","addressCountry":"France"},"telephone":"","sameAs":""},"performer":"Organization"}}