{"id":607,"global_id":"theartcafelagny.com?id=607","global_id_lineage":["theartcafelagny.com?id=607"],"author":"4","status":"publish","date":"2025-01-27 19:07:56","date_utc":"2025-01-27 18:07:56","modified":"2025-02-22 10:29:31","modified_utc":"2025-02-22 09:29:31","url":"https:\/\/theartcafelagny.com\/?tribe_events=eli-compo-cover","rest_url":"https:\/\/theartcafelagny.com\/index.php?rest_route=\/tribe\/events\/v1\/events\/607","title":"Elisa -Let&rsquo;s pretend it&rsquo;s art-Compo Cover","description":"<p>Elisa, qui \u00e9crit parfois sous le nom <i>Let&rsquo;s pretend it&rsquo;s art<\/i>, capture des moments de vie en chansons dans ce qu&rsquo;ils ont de fragile et de sublime. Une sensibilit\u00e9 exacerb\u00e9e infus\u00e9e de pop, rock ind\u00e9 et folk qui invite \u00e0 explorer sa propre vuln\u00e9rabilit\u00e9 dans ce qu&rsquo;elle a de plus authentique.<\/p>","excerpt":"","slug":"eli-compo-cover","image":{"url":"https:\/\/theartcafelagny.com\/wp-content\/uploads\/2025\/01\/IMG-20241106-WA0023.jpg","id":627,"extension":"jpg","width":795,"height":1200,"filesize":185903,"sizes":{"medium":{"width":199,"height":300,"mime-type":"image\/jpeg","filesize":5649,"url":"https:\/\/theartcafelagny.com\/wp-content\/uploads\/2025\/01\/IMG-20241106-WA0023-199x300.jpg"},"large":{"width":678,"height":1024,"mime-type":"image\/jpeg","filesize":101392,"url":"https:\/\/theartcafelagny.com\/wp-content\/uploads\/2025\/01\/IMG-20241106-WA0023-678x1024.jpg"},"thumbnail":{"width":150,"height":150,"mime-type":"image\/jpeg","filesize":2315,"url":"https:\/\/theartcafelagny.com\/wp-content\/uploads\/2025\/01\/IMG-20241106-WA0023-150x150.jpg"},"medium_large":{"width":768,"height":1159,"mime-type":"image\/jpeg","filesize":138348,"url":"https:\/\/theartcafelagny.com\/wp-content\/uploads\/2025\/01\/IMG-20241106-WA0023-768x1159.jpg"}}},"all_day":false,"start_date":"2025-02-22 20:30:00","start_date_details":{"year":"2025","month":"02","day":"22","hour":"20","minutes":"30","seconds":"00"},"end_date":"2025-02-22 23:30:00","end_date_details":{"year":"2025","month":"02","day":"22","hour":"23","minutes":"30","seconds":"00"},"utc_start_date":"2025-02-22 19:30:00","utc_start_date_details":{"year":"2025","month":"02","day":"22","hour":"19","minutes":"30","seconds":"00"},"utc_end_date":"2025-02-22 22:30:00","utc_end_date_details":{"year":"2025","month":"02","day":"22","hour":"22","minutes":"30","seconds":"00"},"timezone":"Europe\/Paris","timezone_abbr":"CET","cost":"","cost_details":{"currency_symbol":"$","currency_code":"USD","currency_position":"prefix","values":[]},"website":"","show_map":false,"show_map_link":false,"hide_from_listings":false,"sticky":false,"featured":false,"categories":[],"tags":[],"venue":{"id":212,"author":"1","status":"publish","date":"2023-11-30 15:42:26","date_utc":"2023-11-30 14:42:26","modified":"2023-11-30 15:42:26","modified_utc":"2023-11-30 14:42:26","url":"https:\/\/theartcafelagny.com\/?tribe_venue=the-art-cafe","venue":"Th\u00e9 Art Caf\u00e9","slug":"the-art-cafe","address":"1 Place de la Fontaine","city":"Lagny-sur-Marne","country":"France","zip":"77400","json_ld":{"@type":"Place","name":"Th\u00e9 Art Caf\u00e9","description":"","url":"","address":{"@type":"PostalAddress","streetAddress":"1 Place de la Fontaine","addressLocality":"Lagny-sur-Marne","postalCode":"77400","addressCountry":"France"},"telephone":"","sameAs":""},"show_map":true,"show_map_link":true,"global_id":"theartcafelagny.com?id=212","global_id_lineage":["theartcafelagny.com?id=212"]},"organizer":[],"custom_fields":[],"json_ld":{"@context":"http:\/\/schema.org","@type":"Event","name":"Elisa -Let&rsquo;s pretend it&rsquo;s art-Compo Cover","description":"&lt;p&gt;Elisa, qui \u00e9crit parfois sous le nom Let\\'s pretend it\\'s art, capture des moments de vie en chansons dans ce qu\\'ils ont de fragile et de sublime. Une sensibilit\u00e9 exacerb\u00e9e [&hellip;]&lt;\/p&gt;\\n","image":"https:\/\/theartcafelagny.com\/wp-content\/uploads\/2025\/01\/IMG-20241106-WA0023.jpg","url":"https:\/\/theartcafelagny.com\/?tribe_events=eli-compo-cover","eventAttendanceMode":"https:\/\/schema.org\/OfflineEventAttendanceMode","eventStatus":"https:\/\/schema.org\/EventScheduled","startDate":"2025-02-22T20:30:00+01:00","endDate":"2025-02-22T23:30:00+01:00","location":{"@type":"Place","name":"Th\u00e9 Art Caf\u00e9","description":"","url":"","address":{"@type":"PostalAddress","streetAddress":"1 Place de la Fontaine","addressLocality":"Lagny-sur-Marne","postalCode":"77400","addressCountry":"France"},"telephone":"","sameAs":""},"performer":"Organization"}}