{"id":613,"global_id":"theartcafelagny.com?id=613","global_id_lineage":["theartcafelagny.com?id=613"],"author":"4","status":"publish","date":"2025-02-20 10:38:12","date_utc":"2025-02-20 09:38:12","modified":"2025-02-22 10:32:57","modified_utc":"2025-02-22 09:32:57","url":"https:\/\/theartcafelagny.com\/?tribe_events=christophe-wallemme-trio-jazz","rest_url":"https:\/\/theartcafelagny.com\/index.php?rest_route=\/tribe\/events\/v1\/events\/613","title":"Christophe Wallemme trio &#8211; Jazz","description":"<div dir=\"auto\">\n<div dir=\"auto\"><\/div>\n<div dir=\"auto\">Le Th\u00e9 Art Caf\u00e9 vous invite \u00e0 une soir\u00e9e musicale plac\u00e9e sous le signe du jazz, des standards revisit\u00e9s aux rythmes envo\u00fbtants de la musique br\u00e9silienne. Un quartet de talent qui vous fera voyager : Christophe wallemme \u00e0 la guitare, Pascal Prautois \u00e0 la contrebasse et Laurent Derache \u00e0 l\u2019accord\u00e9on. Et une invit\u00e9e sp\u00e9ciale, la chanteuse Cendrine Flo qui viendra sublimer cette soir\u00e9e avec sa voix envo\u00fbtante.<\/div>\n<div dir=\"auto\"><\/div>\n<div dir=\"auto\">Une ambiance chaleureuse, des sonorit\u00e9s raffin\u00e9es et un moment unique \u00e0 ne pas manquer !<\/div>\n<\/div>","excerpt":"","slug":"christophe-wallemme-trio-jazz","image":{"url":"https:\/\/theartcafelagny.com\/wp-content\/uploads\/2025\/02\/IMG-20250221-WA0041.jpg","id":629,"extension":"jpg","width":1024,"height":1024,"filesize":159637,"sizes":{"medium":{"width":300,"height":300,"mime-type":"image\/jpeg","filesize":27424,"url":"https:\/\/theartcafelagny.com\/wp-content\/uploads\/2025\/02\/IMG-20250221-WA0041-300x300.jpg"},"thumbnail":{"width":150,"height":150,"mime-type":"image\/jpeg","filesize":9540,"url":"https:\/\/theartcafelagny.com\/wp-content\/uploads\/2025\/02\/IMG-20250221-WA0041-150x150.jpg"},"medium_large":{"width":768,"height":768,"mime-type":"image\/jpeg","filesize":115070,"url":"https:\/\/theartcafelagny.com\/wp-content\/uploads\/2025\/02\/IMG-20250221-WA0041-768x768.jpg"}}},"all_day":false,"start_date":"2025-03-08 20:30:00","start_date_details":{"year":"2025","month":"03","day":"08","hour":"20","minutes":"30","seconds":"00"},"end_date":"2025-03-08 23:30:00","end_date_details":{"year":"2025","month":"03","day":"08","hour":"23","minutes":"30","seconds":"00"},"utc_start_date":"2025-03-08 19:30:00","utc_start_date_details":{"year":"2025","month":"03","day":"08","hour":"19","minutes":"30","seconds":"00"},"utc_end_date":"2025-03-08 22:30:00","utc_end_date_details":{"year":"2025","month":"03","day":"08","hour":"22","minutes":"30","seconds":"00"},"timezone":"Europe\/Paris","timezone_abbr":"CET","cost":"","cost_details":{"currency_symbol":"$","currency_code":"USD","currency_position":"prefix","values":[]},"website":"","show_map":false,"show_map_link":false,"hide_from_listings":false,"sticky":false,"featured":false,"categories":[],"tags":[],"venue":{"id":212,"author":"1","status":"publish","date":"2023-11-30 15:42:26","date_utc":"2023-11-30 14:42:26","modified":"2023-11-30 15:42:26","modified_utc":"2023-11-30 14:42:26","url":"https:\/\/theartcafelagny.com\/?tribe_venue=the-art-cafe","venue":"Th\u00e9 Art Caf\u00e9","slug":"the-art-cafe","address":"1 Place de la Fontaine","city":"Lagny-sur-Marne","country":"France","zip":"77400","json_ld":{"@type":"Place","name":"Th\u00e9 Art Caf\u00e9","description":"","url":"","address":{"@type":"PostalAddress","streetAddress":"1 Place de la Fontaine","addressLocality":"Lagny-sur-Marne","postalCode":"77400","addressCountry":"France"},"telephone":"","sameAs":""},"show_map":true,"show_map_link":true,"global_id":"theartcafelagny.com?id=212","global_id_lineage":["theartcafelagny.com?id=212"]},"organizer":[],"custom_fields":[],"json_ld":{"@context":"http:\/\/schema.org","@type":"Event","name":"Christophe Wallemme trio &#8211; Jazz","description":"&lt;p&gt;Le Th\u00e9 Art Caf\u00e9 vous invite \u00e0 une soir\u00e9e musicale plac\u00e9e sous le signe du jazz, des standards revisit\u00e9s aux rythmes envo\u00fbtants de la musique br\u00e9silienne. Un quartet de talent [&hellip;]&lt;\/p&gt;\\n","image":"https:\/\/theartcafelagny.com\/wp-content\/uploads\/2025\/02\/IMG-20250221-WA0041.jpg","url":"https:\/\/theartcafelagny.com\/?tribe_events=christophe-wallemme-trio-jazz","eventAttendanceMode":"https:\/\/schema.org\/OfflineEventAttendanceMode","eventStatus":"https:\/\/schema.org\/EventScheduled","startDate":"2025-03-08T20:30:00+01:00","endDate":"2025-03-08T23:30:00+01:00","location":{"@type":"Place","name":"Th\u00e9 Art Caf\u00e9","description":"","url":"","address":{"@type":"PostalAddress","streetAddress":"1 Place de la Fontaine","addressLocality":"Lagny-sur-Marne","postalCode":"77400","addressCountry":"France"},"telephone":"","sameAs":""},"performer":"Organization"}}