{"id":703,"global_id":"theartcafelagny.com?id=703","global_id_lineage":["theartcafelagny.com?id=703"],"author":"4","status":"publish","date":"2025-11-01 19:07:38","date_utc":"2025-11-01 18:07:38","modified":"2025-11-01 19:07:38","modified_utc":"2025-11-01 18:07:38","url":"https:\/\/theartcafelagny.com\/?tribe_events=twins-pop-rock","rest_url":"https:\/\/theartcafelagny.com\/index.php?rest_route=\/tribe\/events\/v1\/events\/703","title":"Twins Pop Rock","description":"<div><\/div>\n<div dir=\"auto\">C\u2019est la rencontre de Tony Guedj et Kevin Bloquet, deux passionn\u00e9s de guitare et de chanson, li\u00e9s par les m\u00eames influences et une complicit\u00e9 \u00e9vidente.<\/div>\n<div dir=\"auto\">\u00c0 travers leurs voix et leurs guitares, ils revisitent avec \u00e9motion et \u00e9nergie les grands classiques de la chanson fran\u00e7aise (Goldman, Cabrel, De Palmas\u2026) et de la vari\u00e9t\u00e9 internationale (George Michael, et bien d\u2019autres).<\/div>\n<div dir=\"auto\">Leur force ? Une harmonie naturelle, des cordes qui vibrent \u00e0 l\u2019unisson, et deux voix qui se compl\u00e8tent pour offrir un moment chaleureux et authentique.<\/div>\n<p><span class=\"x193iq5w xeuugli x13faqbe x1vvkbs xlh3980 xvmahel x1n0sxbx x1lliihq x1s928wv xhkezso x1gmr53x x1cpjm7i x1fgarty x1943h6x xudqn12 x3x7a5m x6prxxf xvq8zen xo1l8bm xzsf02u\" dir=\"auto\">\u00a0<\/span><\/p>","excerpt":"","slug":"twins-pop-rock","image":{"url":"https:\/\/theartcafelagny.com\/wp-content\/uploads\/2025\/11\/unnamed.jpg","id":704,"extension":"jpg","width":848,"height":1200,"filesize":111689,"sizes":{"medium":{"width":212,"height":300,"mime-type":"image\/jpeg","filesize":13807,"url":"https:\/\/theartcafelagny.com\/wp-content\/uploads\/2025\/11\/unnamed-212x300.jpg"},"large":{"width":724,"height":1024,"mime-type":"image\/jpeg","filesize":87276,"url":"https:\/\/theartcafelagny.com\/wp-content\/uploads\/2025\/11\/unnamed-724x1024.jpg"},"thumbnail":{"width":150,"height":150,"mime-type":"image\/jpeg","filesize":6476,"url":"https:\/\/theartcafelagny.com\/wp-content\/uploads\/2025\/11\/unnamed-150x150.jpg"},"medium_large":{"width":768,"height":1087,"mime-type":"image\/jpeg","filesize":95240,"url":"https:\/\/theartcafelagny.com\/wp-content\/uploads\/2025\/11\/unnamed-768x1087.jpg"}}},"all_day":false,"start_date":"2025-11-22 20:30:00","start_date_details":{"year":"2025","month":"11","day":"22","hour":"20","minutes":"30","seconds":"00"},"end_date":"2025-11-22 22:30:00","end_date_details":{"year":"2025","month":"11","day":"22","hour":"22","minutes":"30","seconds":"00"},"utc_start_date":"2025-11-22 19:30:00","utc_start_date_details":{"year":"2025","month":"11","day":"22","hour":"19","minutes":"30","seconds":"00"},"utc_end_date":"2025-11-22 21:30:00","utc_end_date_details":{"year":"2025","month":"11","day":"22","hour":"21","minutes":"30","seconds":"00"},"timezone":"Europe\/Paris","timezone_abbr":"CET","cost":"","cost_details":{"currency_symbol":"$","currency_code":"USD","currency_position":"prefix","values":[]},"website":"","show_map":false,"show_map_link":false,"hide_from_listings":false,"sticky":false,"featured":false,"categories":[],"tags":[],"venue":[],"organizer":[],"custom_fields":[],"json_ld":{"@context":"http:\/\/schema.org","@type":"Event","name":"Twins Pop Rock","description":"&lt;p&gt;C\u2019est la rencontre de Tony Guedj et Kevin Bloquet, deux passionn\u00e9s de guitare et de chanson, li\u00e9s par les m\u00eames influences et une complicit\u00e9 \u00e9vidente. \u00c0 travers leurs voix et [&hellip;]&lt;\/p&gt;\\n","image":"https:\/\/theartcafelagny.com\/wp-content\/uploads\/2025\/11\/unnamed.jpg","url":"https:\/\/theartcafelagny.com\/?tribe_events=twins-pop-rock","eventAttendanceMode":"https:\/\/schema.org\/OfflineEventAttendanceMode","eventStatus":"https:\/\/schema.org\/EventScheduled","startDate":"2025-11-22T20:30:00+01:00","endDate":"2025-11-22T22:30:00+01:00","performer":"Organization"}}